{"id":4858,"date":"2024-01-25T21:09:53","date_gmt":"2024-01-25T21:09:53","guid":{"rendered":"https:\/\/bufusa.org\/?p=4858"},"modified":"2024-06-03T13:30:14","modified_gmt":"2024-06-03T17:30:14","slug":"professor-ramzi-asali-represents-bu-at-the-educating-culture-and-democracyconference-in-italy","status":"publish","type":"post","link":"https:\/\/bufusa.org\/de\/2024\/01\/25\/professor-ramzi-asali-represents-bu-at-the-educating-culture-and-democracyconference-in-italy\/","title":{"rendered":"Professor Ramzi Asali vertritt die BU auf der Konferenz \u201eEducating Culture and Democracy\u201c in Italien"},"content":{"rendered":"<div id=\"block_74e31f44ece925935be5852e0832f67e\" class=\"paragraph paragraph--default align-left page-width\">\r\n\t\t\t\t<div class=\"i72-image cover\" role=\"img\" title=\"Ramzi-Foto\" aria-label=\"\" data-srcset=\"https:\/\/bufusa.org\/wp-content\/uploads\/2024\/01\/ramzi-photo.jpg 3000w 3000h,https:\/\/bufusa.org\/wp-content\/uploads\/2024\/01\/ramzi-photo-300x225.jpg 300w 225h,https:\/\/bufusa.org\/wp-content\/uploads\/2024\/01\/ramzi-photo-768x576.jpg 768w 576h,https:\/\/bufusa.org\/wp-content\/uploads\/2024\/01\/ramzi-photo.jpg 1024w 768h,https:\/\/bufusa.org\/wp-content\/uploads\/2024\/01\/ramzi-photo.jpg 1024w 768h,https:\/\/bufusa.org\/wp-content\/uploads\/2024\/01\/ramzi-photo.jpg 1024w 768h,https:\/\/bufusa.org\/wp-content\/uploads\/2024\/01\/ramzi-photo-16x12.jpg 16w 12h,https:\/\/bufusa.org\/wp-content\/uploads\/2024\/01\/ramzi-photo-150x113.jpg 150w 113h,https:\/\/bufusa.org\/wp-content\/uploads\/2024\/01\/ramzi-photo.jpg 1024w 768h,https:\/\/bufusa.org\/wp-content\/uploads\/2024\/01\/ramzi-photo.jpg 1024w 768h\" data-original-width=\"1024\" data-original-height=\"768\"><\/div>\t\t<div class=\"paragraph__inner-container\">\r\n\t\t\t\t\t\t\t<div class=\"paragraph__text\"><p style=\"font-weight: 400\">Ramzi Asali, Vertreter der Abteilung f\u00fcr Englisch und Kommunikation, nahm vom 12. bis 15. Oktober an einem Workshop zum Thema \u201eErziehung von Kultur und Demokratie\u201c auf dem Campus der New York University in Florenz in Italien teil. Der vom US-Au\u00dfenministerium organisierte und gesponserte Workshop versammelte ausgew\u00e4hlte Absolventen von US-Austauschprogrammen, um die praktische Anwendung ihres erworbenen Wissens auszutauschen und zu diskutieren. Zu den Hauptzielen geh\u00f6rten die F\u00f6rderung der Vernetzung, der Aufbau von Partnerschaften und die F\u00f6rderung gemeinsamer Forschung, insbesondere unter den beteiligten Wissenschaftlern. Herr Asali \u00fcbernahm eine entscheidende Rolle als wichtiger Diskussionsteilnehmer im Panel \u201eInterkulturelle Kommunikation und globale B\u00fcrgerschaft\u201c, einem von acht Panels des Workshops.<\/p>\n<p style=\"font-weight: 400\">Die Veranstaltung bot Herrn Asali eine wertvolle Plattform, um die in seinen Kursen verwendeten p\u00e4dagogischen Ans\u00e4tze vorzustellen, die darauf abzielen, die globale Perspektive und die interkulturelle Kompetenz seiner Studenten zu bereichern. Er teilte seine Erfahrungen und Best Practices mit anderen Teilnehmern und der Workshop diente als hervorragende Gelegenheit, mit 45 Fakult\u00e4tsmitgliedern und Forschern aus verschiedenen L\u00e4ndern in Kontakt zu treten. Dar\u00fcber hinaus ebnete der Workshop den Weg f\u00fcr potenzielle Kooperationen, Austausch und gemeinsame Forschungsbem\u00fchungen zwischen der Abteilung f\u00fcr Englisch und Kommunikation der Bethlehem University und den von den Teilnehmern vertretenen akademischen Institutionen. Eine bemerkenswerte Initiative, die aus dieser Zusammenarbeit hervorgegangen ist, ist ein virtuelles Austauschprogramm, das als au\u00dferschulische Aktivit\u00e4t im Rahmen des Studiengangs \u201eInterkulturelle Kommunikation\u201c an der Bethlehem University und seinem Gegenst\u00fcck an der University of Montana in den USA konzipiert ist. Diese gemeinsame Anstrengung wird w\u00f6chentliche virtuelle Sitzungen umfassen, die Diskussionen \u00fcber verschiedene politische und soziale Themen erm\u00f6glichen, mit dem ultimativen Ziel, die interkulturelle Kompetenz der Studierenden zu verbessern und Missverst\u00e4ndnisse auszur\u00e4umen, die durch traditionelle und soziale Mainstream-Medien aufrechterhalten werden.<\/p>\n<p style=\"font-weight: 400\">Es wird erwartet, dass dieses Pilotprojekt w\u00e4chst und erweitert wird, um umfassendere virtuelle und pers\u00f6nliche Aktivit\u00e4ten einzubeziehen, was einen entscheidenden Schritt zur weiteren Internationalisierung der Bethlehem University darstellt.<\/p>\n<\/div>\r\n\t\t\t\t\t<\/div>\r\n<\/div>","protected":false},"excerpt":{"rendered":"","protected":false},"author":4,"featured_media":4868,"comment_status":"closed","ping_status":"closed","sticky":false,"template":"","format":"standard","meta":{"_acf_changed":false,"inline_featured_image":false,"footnotes":""},"categories":[10],"class_list":["post-4858","post","type-post","status-publish","format-standard","has-post-thumbnail","hentry","category-blog"],"acf":[],"_links":{"self":[{"href":"https:\/\/bufusa.org\/de\/wp-json\/wp\/v2\/posts\/4858","targetHints":{"allow":["GET"]}}],"collection":[{"href":"https:\/\/bufusa.org\/de\/wp-json\/wp\/v2\/posts"}],"about":[{"href":"https:\/\/bufusa.org\/de\/wp-json\/wp\/v2\/types\/post"}],"author":[{"embeddable":true,"href":"https:\/\/bufusa.org\/de\/wp-json\/wp\/v2\/users\/4"}],"replies":[{"embeddable":true,"href":"https:\/\/bufusa.org\/de\/wp-json\/wp\/v2\/comments?post=4858"}],"version-history":[{"count":3,"href":"https:\/\/bufusa.org\/de\/wp-json\/wp\/v2\/posts\/4858\/revisions"}],"predecessor-version":[{"id":4861,"href":"https:\/\/bufusa.org\/de\/wp-json\/wp\/v2\/posts\/4858\/revisions\/4861"}],"wp:featuredmedia":[{"embeddable":true,"href":"https:\/\/bufusa.org\/de\/wp-json\/wp\/v2\/media\/4868"}],"wp:attachment":[{"href":"https:\/\/bufusa.org\/de\/wp-json\/wp\/v2\/media?parent=4858"}],"wp:term":[{"taxonomy":"category","embeddable":true,"href":"https:\/\/bufusa.org\/de\/wp-json\/wp\/v2\/categories?post=4858"}],"curies":[{"name":"wp","href":"https:\/\/api.w.org\/{rel}","templated":true}]}}