{"id":4858,"date":"2024-01-25T21:09:53","date_gmt":"2024-01-25T21:09:53","guid":{"rendered":"https:\/\/bufusa.org\/?p=4858"},"modified":"2024-06-03T13:30:14","modified_gmt":"2024-06-03T17:30:14","slug":"professor-ramzi-asali-represents-bu-at-the-educating-culture-and-democracyconference-in-italy","status":"publish","type":"post","link":"https:\/\/bufusa.org\/fr\/2024\/01\/25\/professor-ramzi-asali-represents-bu-at-the-educating-culture-and-democracyconference-in-italy\/","title":{"rendered":"Le professeur Ramzi Asali repr\u00e9sente la BU \u00e0 la conf\u00e9rence \u00ab\u00a0\u00c9ducation \u00e0 la culture et \u00e0 la d\u00e9mocratie\u00a0\u00bb en Italie"},"content":{"rendered":"<div id=\"block_74e31f44ece925935be5852e0832f67e\" class=\"paragraph paragraph--default align-left page-width\">\r\n\t\t\t\t<div class=\"i72-image cover\" role=\"img\" title=\"photo de Ramzi\" aria-label=\"\" data-srcset=\"https:\/\/bufusa.org\/wp-content\/uploads\/2024\/01\/ramzi-photo.jpg 3000w 3000h,https:\/\/bufusa.org\/wp-content\/uploads\/2024\/01\/ramzi-photo-300x225.jpg 300w 225h,https:\/\/bufusa.org\/wp-content\/uploads\/2024\/01\/ramzi-photo-768x576.jpg 768w 576h,https:\/\/bufusa.org\/wp-content\/uploads\/2024\/01\/ramzi-photo.jpg 1024w 768h,https:\/\/bufusa.org\/wp-content\/uploads\/2024\/01\/ramzi-photo.jpg 1024w 768h,https:\/\/bufusa.org\/wp-content\/uploads\/2024\/01\/ramzi-photo.jpg 1024w 768h,https:\/\/bufusa.org\/wp-content\/uploads\/2024\/01\/ramzi-photo-16x12.jpg 16w 12h,https:\/\/bufusa.org\/wp-content\/uploads\/2024\/01\/ramzi-photo-150x113.jpg 150w 113h,https:\/\/bufusa.org\/wp-content\/uploads\/2024\/01\/ramzi-photo.jpg 1024w 768h,https:\/\/bufusa.org\/wp-content\/uploads\/2024\/01\/ramzi-photo.jpg 1024w 768h\" data-original-width=\"1024\" data-original-height=\"768\"><\/div>\t\t<div class=\"paragraph__inner-container\">\r\n\t\t\t\t\t\t\t<div class=\"paragraph__text\"><p style=\"font-weight: 400\">Ramzi Asali, repr\u00e9sentant le D\u00e9partement d&#039;anglais et de communication, a particip\u00e9 \u00e0 un atelier sur \u00ab L&#039;\u00e9ducation de la culture et de la d\u00e9mocratie \u00bb organis\u00e9 sur le campus de Florence de l&#039;Universit\u00e9 de New York, en Italie, du 12 au 15 octobre. L&#039;atelier, organis\u00e9 et parrain\u00e9 par le D\u00e9partement d&#039;\u00c9tat am\u00e9ricain, a rassembl\u00e9 des anciens \u00e9l\u00e8ves s\u00e9lectionn\u00e9s des programmes d&#039;\u00e9change am\u00e9ricains pour partager et discuter de l&#039;application pratique de leurs connaissances acquises. Ses principaux objectifs comprenaient la promotion du r\u00e9seautage, l&#039;\u00e9tablissement de partenariats et la promotion de la recherche collaborative, en particulier entre les universitaires participants. M. Asali a assum\u00e9 un r\u00f4le crucial en tant qu&#039;intervenant cl\u00e9 au sein du panel \u00ab\u00a0Communication interculturelle et citoyennet\u00e9 mondiale\u00a0\u00bb, l&#039;un des huit panels pr\u00e9sent\u00e9s dans l&#039;atelier.<\/p>\n<p style=\"font-weight: 400\">L&#039;\u00e9v\u00e9nement a fourni \u00e0 M. Asali une plate-forme pr\u00e9cieuse pour pr\u00e9senter les approches p\u00e9dagogiques utilis\u00e9es dans ses cours, visant \u00e0 enrichir la perspective globale et les comp\u00e9tences interculturelles de ses \u00e9tudiants. Il a partag\u00e9 ses exp\u00e9riences et ses meilleures pratiques avec les autres participants, et l&#039;atelier a constitu\u00e9 une excellente occasion d&#039;entrer en contact avec 45 membres du corps professoral et chercheurs de divers pays. En outre, l&#039;atelier a ouvert la voie \u00e0 d&#039;\u00e9ventuelles collaborations, \u00e9changes et efforts de recherche conjoints entre le D\u00e9partement d&#039;anglais et de communication de l&#039;Universit\u00e9 de Bethl\u00e9em et les institutions universitaires repr\u00e9sent\u00e9es par les participants. Une initiative remarquable issue de cette collaboration est un programme d\u2019\u00e9change virtuel, con\u00e7u comme une activit\u00e9 extrascolaire au sein du cours \u00ab Communication interculturelle \u00bb de l\u2019Universit\u00e9 de Bethl\u00e9em et de son homologue de l\u2019Universit\u00e9 du Montana aux \u00c9tats-Unis. Cet effort de collaboration comprendra des sessions virtuelles hebdomadaires, facilitant les discussions sur diverses questions politiques et sociales, dans le but ultime d&#039;am\u00e9liorer la comp\u00e9tence interculturelle des \u00e9tudiants et de dissiper les id\u00e9es fausses perp\u00e9tr\u00e9es par les m\u00e9dias traditionnels et sociaux traditionnels.<\/p>\n<p style=\"font-weight: 400\">Ce projet pilote devrait se d\u00e9velopper et s&#039;\u00e9tendre pour inclure des activit\u00e9s virtuelles et en personne plus larges, constituant ainsi une \u00e9tape cruciale vers une internationalisation plus pouss\u00e9e de l&#039;Universit\u00e9 de Bethl\u00e9em.<\/p>\n<\/div>\r\n\t\t\t\t\t<\/div>\r\n<\/div>","protected":false},"excerpt":{"rendered":"","protected":false},"author":4,"featured_media":4868,"comment_status":"closed","ping_status":"closed","sticky":false,"template":"","format":"standard","meta":{"_acf_changed":false,"inline_featured_image":false,"footnotes":""},"categories":[10],"class_list":["post-4858","post","type-post","status-publish","format-standard","has-post-thumbnail","hentry","category-blog"],"acf":[],"_links":{"self":[{"href":"https:\/\/bufusa.org\/fr\/wp-json\/wp\/v2\/posts\/4858","targetHints":{"allow":["GET"]}}],"collection":[{"href":"https:\/\/bufusa.org\/fr\/wp-json\/wp\/v2\/posts"}],"about":[{"href":"https:\/\/bufusa.org\/fr\/wp-json\/wp\/v2\/types\/post"}],"author":[{"embeddable":true,"href":"https:\/\/bufusa.org\/fr\/wp-json\/wp\/v2\/users\/4"}],"replies":[{"embeddable":true,"href":"https:\/\/bufusa.org\/fr\/wp-json\/wp\/v2\/comments?post=4858"}],"version-history":[{"count":3,"href":"https:\/\/bufusa.org\/fr\/wp-json\/wp\/v2\/posts\/4858\/revisions"}],"predecessor-version":[{"id":4861,"href":"https:\/\/bufusa.org\/fr\/wp-json\/wp\/v2\/posts\/4858\/revisions\/4861"}],"wp:featuredmedia":[{"embeddable":true,"href":"https:\/\/bufusa.org\/fr\/wp-json\/wp\/v2\/media\/4868"}],"wp:attachment":[{"href":"https:\/\/bufusa.org\/fr\/wp-json\/wp\/v2\/media?parent=4858"}],"wp:term":[{"taxonomy":"category","embeddable":true,"href":"https:\/\/bufusa.org\/fr\/wp-json\/wp\/v2\/categories?post=4858"}],"curies":[{"name":"wp","href":"https:\/\/api.w.org\/{rel}","templated":true}]}}